{"id":18249,"date":"2025-08-30T02:17:16","date_gmt":"2025-08-30T02:17:16","guid":{"rendered":"http:\/\/informacje.pagekreacje.pl\/?p=18249"},"modified":"2025-08-30T02:17:16","modified_gmt":"2025-08-30T02:17:16","slug":"kompleksowe-aranzacje-przestrzeni","status":"publish","type":"post","link":"http:\/\/informacje.pagekreacje.pl\/?p=18249","title":{"rendered":"Kompleksowe aran\u017cacje przestrzeni"},"content":{"rendered":"<p>Projektowanie przestrzeni mieszkalnej albo u\u017cytkowej wymaga uwzgl\u0119dnienia wielu czynnik\u00f3w, takich jak efektywno\u015b\u0107, estetyka, ergonomia i indywidualne potrzeby u\u017cytkownik\u00f3w. W procesie tym wa\u017cne jest odpowiednie rozplanowanie uk\u0142adu wn\u0119trz, wyselekcjonowanie materia\u0142\u00f3w, palety kolorystycznej oraz element\u00f3w wyposa\u017cenia, kt\u00f3re tworz\u0105 sp\u00f3jn\u0105 ca\u0142o\u015b\u0107. Kompleksowe projektowanie pomieszcze\u0144 zak\u0142ada nie tylko i wy\u0142\u0105cznie aspekt wizualny, ale r\u00f3wnie\u017c techniczny, obejmuj\u0105cy instalacje elektryczne, o\u015bwietleniowe i sanitarne, co daje mo\u017cliwo\u015b\u0107 na stworzenie przestrzeni dostosowanej do zwyk\u0142ego u\u017cytkowania i r\u00f3\u017cnorodnych aktywno\u015bci domownik\u00f3w albo pracownik\u00f3w w \u015brodowisku komercyjnym.<!--more--><\/p>\n<p>  Fachowy architekt pomieszcze\u0144 potrafi po\u0142\u0105czy\u0107 te elementy, przewiduj\u0105c zar\u00f3wno potrzeby estetyczne, jak i funkcjonalne, tworz\u0105c przestrze\u0144 harmonijn\u0105 i zorganizowan\u0105.<\/p>\n<p>Istotnym etapem w projektowaniu jest analiza potrzeb u\u017cytkownik\u00f3w oraz charakterystyki samego wn\u0119trza. Proces ten obejmuje ocen\u0119 dost\u0119pnej powierzchni, \u015bwiat\u0142a naturalnego, mo\u017cliwo\u015bci aran\u017cacyjnych oraz istniej\u0105cej infrastruktury technicznej. Projektowanie pomieszcze\u0144 mo\u017ce by\u0107 zorientowane na r\u00f3\u017cnorodne style, od minimalistycznych po klasyczne czy przysz\u0142o\u015bciowe, co wymaga od projektanta znajomo\u015bci trend\u00f3w i materia\u0142\u00f3w, oraz umiej\u0119tno\u015bci ich praktycznego u\u017cycia. W projektach komercyjnych wa\u017cne staje si\u0119 te\u017c optymalne przeznaczenie przestrzeni, tak aby by\u0142a ona nie tylko i wy\u0142\u0105cznie interesuj\u0105ca wizualnie, ale r\u00f3wnie\u017c funkcjonalna dla pracownik\u00f3w i klient\u00f3w.<\/p>\n<p>Kolejnym aspektem jest dob\u00f3r mebli i element\u00f3w wyposa\u017cenia, kt\u00f3ry powinien uwzgl\u0119dnia\u0107 zar\u00f3wno ergonomi\u0119, jak i sp\u00f3jno\u015b\u0107 stylistyczn\u0105 z innymi rzeczami aran\u017cacji. Architekt pomieszcze\u0144 bierze pod uwag\u0119 proporcje pomieszcze\u0144, wysoko\u015b\u0107 sufit\u00f3w, rodzaj pod\u0142\u00f3g i \u015bcian a tak\u017ce naturalne o\u015bwietlenie, aby poszczeg\u00f3lne elementy wsp\u00f3\u0142gra\u0142y ze sob\u0105. Kompleksowe projektowanie pomieszcze\u0144 obejmuje te\u017c planowanie o\u015bwietlenia sztucznego, kt\u00f3re wp\u0142ywa na odbi\u00f3r przestrzeni, a tak\u017ce stwarza odpowiednie warunki do pracy, nauki albo relaksu. W\u0142a\u015bciwie ka\u017cdy detal wyposa\u017cenia, od mebli po najmniejsze elementy dekoracyjne, odgrywa rol\u0119 w tworzeniu harmonijnej i praktycznej przestrzeni.<\/p>\n<p>Znaczenie specjalistycznego wsparcia w procesie projektowania wn\u0119trz polega na tym, \u017ce architekt wn\u0119trz mo\u017ce przewidzie\u0107 mo\u017cliwe problemy i zaproponowa\u0107 rozwi\u0105zania wcze\u015bniej w fazie planowania. Dzi\u0119ki temu niweluje si\u0119 ryzyko b\u0142\u0119d\u00f3w podczas realizacji projektu i u\u0142atwia si\u0119 dopasowanie wszystkich komponent\u00f3w do siebie. Kompleksowe podej\u015bcie daje mo\u017cliwo\u015b\u0107 na integrowanie estetyki z funkcjonalno\u015bci\u0105, oraz na \u015bwiadome kszta\u0142towanie przestrzeni w spos\u00f3b, kt\u00f3ry odpowiada zar\u00f3wno potrzebom u\u017cytkownik\u00f3w, jak i wymogom technicznym budynku. W ten spos\u00f3b projektowanie wn\u0119trz staje si\u0119 procesem wieloaspektowym, wymagaj\u0105cym zar\u00f3wno kreatywno\u015bci, jak i wiedzy praktycznej oraz technicznej.<br \/>\n<br \/>Zobacz wi\u0119cej: <a href=\"https:\/\/inmodulo.pl\">projektowanie wn\u0119trz W\u0142oc\u0142awek<\/a>.<\/p>\n","protected":false},"excerpt":{"rendered":"<p>Projektowanie przestrzeni mieszkalnej albo u\u017cytkowej wymaga uwzgl\u0119dnienia wielu czynnik\u00f3w, takich jak efektywno\u015b\u0107, estetyka, ergonomia i indywidualne potrzeby u\u017cytkownik\u00f3w. W procesie tym wa\u017cne jest odpowiednie rozplanowanie uk\u0142adu wn\u0119trz, wyselekcjonowanie materia\u0142\u00f3w, palety kolorystycznej oraz element\u00f3w wyposa\u017cenia, kt\u00f3re tworz\u0105 sp\u00f3jn\u0105 ca\u0142o\u015b\u0107. Kompleksowe projektowanie pomieszcze\u0144 zak\u0142ada nie tylko i wy\u0142\u0105cznie aspekt wizualny, ale r\u00f3wnie\u017c techniczny, obejmuj\u0105cy instalacje elektryczne, o\u015bwietleniowe [&hellip;]<\/p>\n","protected":false},"author":1,"featured_media":0,"comment_status":"closed","ping_status":"closed","sticky":false,"template":"","format":"standard","meta":[],"categories":[1],"tags":[],"_links":{"self":[{"href":"http:\/\/informacje.pagekreacje.pl\/index.php?rest_route=\/wp\/v2\/posts\/18249"}],"collection":[{"href":"http:\/\/informacje.pagekreacje.pl\/index.php?rest_route=\/wp\/v2\/posts"}],"about":[{"href":"http:\/\/informacje.pagekreacje.pl\/index.php?rest_route=\/wp\/v2\/types\/post"}],"author":[{"embeddable":true,"href":"http:\/\/informacje.pagekreacje.pl\/index.php?rest_route=\/wp\/v2\/users\/1"}],"replies":[{"embeddable":true,"href":"http:\/\/informacje.pagekreacje.pl\/index.php?rest_route=%2Fwp%2Fv2%2Fcomments&post=18249"}],"version-history":[{"count":1,"href":"http:\/\/informacje.pagekreacje.pl\/index.php?rest_route=\/wp\/v2\/posts\/18249\/revisions"}],"predecessor-version":[{"id":18250,"href":"http:\/\/informacje.pagekreacje.pl\/index.php?rest_route=\/wp\/v2\/posts\/18249\/revisions\/18250"}],"wp:attachment":[{"href":"http:\/\/informacje.pagekreacje.pl\/index.php?rest_route=%2Fwp%2Fv2%2Fmedia&parent=18249"}],"wp:term":[{"taxonomy":"category","embeddable":true,"href":"http:\/\/informacje.pagekreacje.pl\/index.php?rest_route=%2Fwp%2Fv2%2Fcategories&post=18249"},{"taxonomy":"post_tag","embeddable":true,"href":"http:\/\/informacje.pagekreacje.pl\/index.php?rest_route=%2Fwp%2Fv2%2Ftags&post=18249"}],"curies":[{"name":"wp","href":"https:\/\/api.w.org\/{rel}","templated":true}]}}