{"id":14235,"date":"2021-12-22T00:46:03","date_gmt":"2021-12-22T00:46:03","guid":{"rendered":"http:\/\/informacje.pagekreacje.pl\/?p=14235"},"modified":"2021-12-22T00:46:03","modified_gmt":"2021-12-22T00:46:03","slug":"zdjecia-dla-firm","status":"publish","type":"post","link":"http:\/\/informacje.pagekreacje.pl\/?p=14235","title":{"rendered":"Zdj\u0119cia dla firm"},"content":{"rendered":"<p>Profesjonalna fotografia jest obecnie wa\u017cnym elementem dzia\u0142a\u0144 marketingowych przedsi\u0119biorstw reprezentuj\u0105cych r\u00f3\u017cnorakie profile dzia\u0142alno\u015bci. Jest to w g\u0142\u00f3wnej mierze fotografia industrialna, czyli fotografia dedykowana firmom dzia\u0142aj\u0105cym w przemy\u015ble, kt\u00f3re chc\u0105 w odpowiedni spos\u00f3b zademonstrowa\u0107 swoj\u0105 hal\u0119 magazynow\u0105 czy produkcyjn\u0105 na przyk\u0142ad na stronie internetowej.Profesjonalna fotografia &#8211; kiedy jest potrzebna?Profesjonalne fotografie s\u0105 w narastaj\u0105cym stopniu wykorzystywane, mi\u0119dzy innymi przez sklepy internetowe, kt\u00f3re w ten spos\u00f3b prezentuj\u0105 w\u0142asne towary.<!--more--><\/p>\n<p>  Jednak profesjonalna fotografia to r\u00f3wnie\u017c zademonstrowanie mo\u017cliwo\u015bci danej firmy, a wi\u0119c na przyk\u0142ad zaplecza technicznego czy tak\u017ce do\u015bwiadczonej kadry pracownik\u00f3w (zobacz: <a href=\"https:\/\/impact-photo.pl\/fotografia-przemyslowa\/\">fotografia przemys\u0142owa<\/a>). Trzeba pami\u0119ta\u0107, \u017ce fotografia dla firm wymaga g\u0142\u00f3wnie do\u015bwiadczenia, niemniej jednak tak\u017ce profesjonalnego sprz\u0119tu i talentu, tak a\u017ceby w odpowiedni spos\u00f3b pokaza\u0107 wszystkie aspekty powi\u0105zane z dan\u0105 firm\u0105. W\u0142a\u015bnie dlatego coraz wi\u0119cej przedsi\u0119biorc\u00f3w zwraca si\u0119 do firm, kt\u00f3re specjalizuj\u0105 si\u0119 w kompleksowych us\u0142ugach fotograficznych dla firm reprezentuj\u0105cych r\u00f3\u017cnorodne bran\u017ce. A przy tym, te us\u0142ugi to tak\u017ce fotografia reporta\u017cowa, a wi\u0119c tworzenie relacji z wydarze\u0144, tak\u017ce wydarze\u0144 maj\u0105cych miejsce na terenie firmy (zobacz r\u00f3wnie\u017c: <a href=\"https:\/\/impact-photo.pl\/fotografia-biznesowa\/\">fotografia biznesowa<\/a>). Fotografowane s\u0105 r\u00f3wnie\u017c inne eventy, a wszystko to odbywa si\u0119 w zgodzie z zaplanowanym harmonogramem przy u\u017cyciu nowoczesnego zaawansowanego technologicznie sprz\u0119tu. Dzi\u0119ki temu powstaj\u0105 sesje zdj\u0119ciowe sk\u0142adaj\u0105ce si\u0119 z zdj\u0119\u0107 wysokiej jako\u015bci, kt\u00f3re mog\u0105 by\u0107 z powodzeniem wykorzystywane w celach marketingowych.<br \/>Zobacz r\u00f3wnie\u017c: <a href=\"https:\/\/impact-photo.pl\">fotografia reporta\u017cowa<\/a>.<\/p>\n","protected":false},"excerpt":{"rendered":"<p>Profesjonalna fotografia jest obecnie wa\u017cnym elementem dzia\u0142a\u0144 marketingowych przedsi\u0119biorstw reprezentuj\u0105cych r\u00f3\u017cnorakie profile dzia\u0142alno\u015bci. Jest to w g\u0142\u00f3wnej mierze fotografia industrialna, czyli fotografia dedykowana firmom dzia\u0142aj\u0105cym w przemy\u015ble, kt\u00f3re chc\u0105 w odpowiedni spos\u00f3b zademonstrowa\u0107 swoj\u0105 hal\u0119 magazynow\u0105 czy produkcyjn\u0105 na przyk\u0142ad na stronie internetowej.Profesjonalna fotografia &#8211; kiedy jest potrzebna?Profesjonalne fotografie s\u0105 w narastaj\u0105cym stopniu wykorzystywane, mi\u0119dzy [&hellip;]<\/p>\n","protected":false},"author":1,"featured_media":0,"comment_status":"closed","ping_status":"closed","sticky":false,"template":"","format":"standard","meta":[],"categories":[1],"tags":[],"_links":{"self":[{"href":"http:\/\/informacje.pagekreacje.pl\/index.php?rest_route=\/wp\/v2\/posts\/14235"}],"collection":[{"href":"http:\/\/informacje.pagekreacje.pl\/index.php?rest_route=\/wp\/v2\/posts"}],"about":[{"href":"http:\/\/informacje.pagekreacje.pl\/index.php?rest_route=\/wp\/v2\/types\/post"}],"author":[{"embeddable":true,"href":"http:\/\/informacje.pagekreacje.pl\/index.php?rest_route=\/wp\/v2\/users\/1"}],"replies":[{"embeddable":true,"href":"http:\/\/informacje.pagekreacje.pl\/index.php?rest_route=%2Fwp%2Fv2%2Fcomments&post=14235"}],"version-history":[{"count":1,"href":"http:\/\/informacje.pagekreacje.pl\/index.php?rest_route=\/wp\/v2\/posts\/14235\/revisions"}],"predecessor-version":[{"id":14236,"href":"http:\/\/informacje.pagekreacje.pl\/index.php?rest_route=\/wp\/v2\/posts\/14235\/revisions\/14236"}],"wp:attachment":[{"href":"http:\/\/informacje.pagekreacje.pl\/index.php?rest_route=%2Fwp%2Fv2%2Fmedia&parent=14235"}],"wp:term":[{"taxonomy":"category","embeddable":true,"href":"http:\/\/informacje.pagekreacje.pl\/index.php?rest_route=%2Fwp%2Fv2%2Fcategories&post=14235"},{"taxonomy":"post_tag","embeddable":true,"href":"http:\/\/informacje.pagekreacje.pl\/index.php?rest_route=%2Fwp%2Fv2%2Ftags&post=14235"}],"curies":[{"name":"wp","href":"https:\/\/api.w.org\/{rel}","templated":true}]}}